{"id":8737,"date":"2022-06-07T16:11:44","date_gmt":"2022-06-07T16:11:44","guid":{"rendered":"https:\/\/autismodejandohuella.org\/?p=8737"},"modified":"2022-06-07T16:11:45","modified_gmt":"2022-06-07T16:11:45","slug":"consulta-externa-terapia-del-lenguaje","status":"publish","type":"post","link":"https:\/\/autismodejandohuella.org\/index.php\/2022\/06\/07\/consulta-externa-terapia-del-lenguaje\/","title":{"rendered":"Consulta Externa Terapia del Lenguaje"},"content":{"rendered":"\n<h2 class=\"wp-block-heading\">Esto es un encabezado<\/h2>\n\n\n\n<p class=\"wp-block-paragraph\">Autismo Dejando Huella, es una oportunidad \u00fanica de accesar a los servicios necesarios para la evoluci\u00f3n y progreso positivo de la condici\u00f3n de nuestros hijos, gracias al trabajo entre las familias y el equipo de terapeutas pronto logren en lo posible superar sus limitaciones ante la sociedad, en cada una de las personas con la condici\u00f3n <strong>TEA<\/strong>.<\/p>\n\n\n\n<p class=\"wp-block-paragraph\">Para nosotros como familia, es un beneficio inmediato en tener la tranquilidad de sentirnos apoyados y orientados para tomar decisiones oportunas y eficaces de cara a la evoluci\u00f3n favorable de la condici\u00f3n hasta lograr superarla permiti\u00e9ndonos convivir con ella. El cambio ha sido mucho y favorable, sobre todo el tener una rutina para asistir a ADH, siguiendo las recomendaciones de los especialistas, el feed back con el grupo familiar para evaluar el progreso de la evoluci\u00f3n de nuestros muchachos y discutir \u00bfc\u00f3mo podemos mejorar para apoyarlos? ha sido un cambio exponencial.<\/p>\n\n\n\n<p class=\"wp-block-paragraph\">Enlace<\/p>\n\n\n\n<p class=\"wp-block-paragraph\">En nombre de la Familia Quero, damos las gracias !<\/p>\n\n\n\n<p class=\"wp-block-paragraph\">Cont\u00e1ctanos al 02124684644<\/p>\n","protected":false},"excerpt":{"rendered":"<p>Esto es un encabezado Autismo Dejando Huella, es una oportunidad \u00fanica de accesar a los servicios necesarios para la evoluci\u00f3n y progreso positivo de la condici\u00f3n de nuestros hijos, gracias al trabajo entre las familias y el equipo de terapeutas pronto logren en lo posible superar sus limitaciones ante la sociedad, en cada una de [&hellip;]<\/p>\n","protected":false},"author":1,"featured_media":8720,"comment_status":"open","ping_status":"open","sticky":false,"template":"","format":"standard","meta":{"_joinchat":[],"footnotes":""},"categories":[42],"tags":[],"class_list":["post-8737","post","type-post","status-publish","format-standard","has-post-thumbnail","hentry","category-terapia-de-lenguaje"],"yoast_head":"<!-- This site is optimized with the Yoast SEO plugin v28.4 - https:\/\/yoast.com\/product\/yoast-seo-wordpress\/ -->\n<title>Consulta Externa Terapia del Lenguaje - Fundaci\u00f3n Autismo Dejando Huella<\/title>\n<meta name=\"robots\" content=\"index, follow, max-snippet:-1, max-image-preview:large, max-video-preview:-1\" \/>\n<link rel=\"canonical\" href=\"https:\/\/autismodejandohuella.org\/index.php\/2022\/06\/07\/consulta-externa-terapia-del-lenguaje\/\" \/>\n<meta property=\"og:locale\" content=\"es_ES\" \/>\n<meta property=\"og:type\" content=\"article\" \/>\n<meta property=\"og:title\" content=\"Consulta Externa Terapia del Lenguaje - Fundaci\u00f3n Autismo Dejando Huella\" \/>\n<meta property=\"og:description\" content=\"Esto es un encabezado Autismo Dejando Huella, es una oportunidad \u00fanica de accesar a los servicios necesarios para la evoluci\u00f3n y progreso positivo de la condici\u00f3n de nuestros hijos, gracias al trabajo entre las familias y el equipo de terapeutas pronto logren en lo posible superar sus limitaciones ante la sociedad, en cada una de [&hellip;]\" \/>\n<meta property=\"og:url\" content=\"https:\/\/autismodejandohuella.org\/index.php\/2022\/06\/07\/consulta-externa-terapia-del-lenguaje\/\" \/>\n<meta property=\"og:site_name\" content=\"Fundaci\u00f3n Autismo Dejando Huella\" \/>\n<meta property=\"article:published_time\" content=\"2022-06-07T16:11:44+00:00\" \/>\n<meta property=\"article:modified_time\" content=\"2022-06-07T16:11:45+00:00\" \/>\n<meta property=\"og:image\" content=\"https:\/\/autismodejandohuella.org\/wp-content\/uploads\/2022\/05\/FOTO_62-scaled-final.jpg\" \/>\n\t<meta property=\"og:image:width\" content=\"1833\" \/>\n\t<meta property=\"og:image:height\" content=\"1654\" \/>\n\t<meta property=\"og:image:type\" content=\"image\/jpeg\" \/>\n<meta name=\"author\" content=\"admin\" \/>\n<meta name=\"twitter:card\" content=\"summary_large_image\" \/>\n<meta name=\"twitter:label1\" content=\"Escrito por\" \/>\n\t<meta name=\"twitter:data1\" content=\"admin\" \/>\n\t<meta name=\"twitter:label2\" content=\"Tiempo estimado de lectura\" \/>\n\t<meta name=\"twitter:data2\" content=\"1 minuto\" \/>\n<script type=\"application\/ld+json\" class=\"yoast-schema-graph\">{\"@context\":\"https:\\\/\\\/schema.org\",\"@graph\":[{\"@type\":\"Article\",\"@id\":\"https:\\\/\\\/autismodejandohuella.org\\\/index.php\\\/2022\\\/06\\\/07\\\/consulta-externa-terapia-del-lenguaje\\\/#article\",\"isPartOf\":{\"@id\":\"https:\\\/\\\/autismodejandohuella.org\\\/index.php\\\/2022\\\/06\\\/07\\\/consulta-externa-terapia-del-lenguaje\\\/\"},\"author\":{\"name\":\"admin\",\"@id\":\"https:\\\/\\\/autismodejandohuella.org\\\/#\\\/schema\\\/person\\\/df23b23b11e3aac1193c0041470c787f\"},\"headline\":\"Consulta Externa Terapia del Lenguaje\",\"datePublished\":\"2022-06-07T16:11:44+00:00\",\"dateModified\":\"2022-06-07T16:11:45+00:00\",\"mainEntityOfPage\":{\"@id\":\"https:\\\/\\\/autismodejandohuella.org\\\/index.php\\\/2022\\\/06\\\/07\\\/consulta-externa-terapia-del-lenguaje\\\/\"},\"wordCount\":178,\"commentCount\":0,\"image\":{\"@id\":\"https:\\\/\\\/autismodejandohuella.org\\\/index.php\\\/2022\\\/06\\\/07\\\/consulta-externa-terapia-del-lenguaje\\\/#primaryimage\"},\"thumbnailUrl\":\"https:\\\/\\\/autismodejandohuella.org\\\/wp-content\\\/uploads\\\/2022\\\/05\\\/FOTO_62-scaled-final.jpg\",\"articleSection\":[\"Terapia de Lenguaje\"],\"inLanguage\":\"es\",\"potentialAction\":[{\"@type\":\"CommentAction\",\"name\":\"Comment\",\"target\":[\"https:\\\/\\\/autismodejandohuella.org\\\/index.php\\\/2022\\\/06\\\/07\\\/consulta-externa-terapia-del-lenguaje\\\/#respond\"]}]},{\"@type\":\"WebPage\",\"@id\":\"https:\\\/\\\/autismodejandohuella.org\\\/index.php\\\/2022\\\/06\\\/07\\\/consulta-externa-terapia-del-lenguaje\\\/\",\"url\":\"https:\\\/\\\/autismodejandohuella.org\\\/index.php\\\/2022\\\/06\\\/07\\\/consulta-externa-terapia-del-lenguaje\\\/\",\"name\":\"Consulta Externa Terapia del Lenguaje - Fundaci\u00f3n Autismo Dejando Huella\",\"isPartOf\":{\"@id\":\"https:\\\/\\\/autismodejandohuella.org\\\/#website\"},\"primaryImageOfPage\":{\"@id\":\"https:\\\/\\\/autismodejandohuella.org\\\/index.php\\\/2022\\\/06\\\/07\\\/consulta-externa-terapia-del-lenguaje\\\/#primaryimage\"},\"image\":{\"@id\":\"https:\\\/\\\/autismodejandohuella.org\\\/index.php\\\/2022\\\/06\\\/07\\\/consulta-externa-terapia-del-lenguaje\\\/#primaryimage\"},\"thumbnailUrl\":\"https:\\\/\\\/autismodejandohuella.org\\\/wp-content\\\/uploads\\\/2022\\\/05\\\/FOTO_62-scaled-final.jpg\",\"datePublished\":\"2022-06-07T16:11:44+00:00\",\"dateModified\":\"2022-06-07T16:11:45+00:00\",\"author\":{\"@id\":\"https:\\\/\\\/autismodejandohuella.org\\\/#\\\/schema\\\/person\\\/df23b23b11e3aac1193c0041470c787f\"},\"breadcrumb\":{\"@id\":\"https:\\\/\\\/autismodejandohuella.org\\\/index.php\\\/2022\\\/06\\\/07\\\/consulta-externa-terapia-del-lenguaje\\\/#breadcrumb\"},\"inLanguage\":\"es\",\"potentialAction\":[{\"@type\":\"ReadAction\",\"target\":[\"https:\\\/\\\/autismodejandohuella.org\\\/index.php\\\/2022\\\/06\\\/07\\\/consulta-externa-terapia-del-lenguaje\\\/\"]}]},{\"@type\":\"ImageObject\",\"inLanguage\":\"es\",\"@id\":\"https:\\\/\\\/autismodejandohuella.org\\\/index.php\\\/2022\\\/06\\\/07\\\/consulta-externa-terapia-del-lenguaje\\\/#primaryimage\",\"url\":\"https:\\\/\\\/autismodejandohuella.org\\\/wp-content\\\/uploads\\\/2022\\\/05\\\/FOTO_62-scaled-final.jpg\",\"contentUrl\":\"https:\\\/\\\/autismodejandohuella.org\\\/wp-content\\\/uploads\\\/2022\\\/05\\\/FOTO_62-scaled-final.jpg\",\"width\":1833,\"height\":1654},{\"@type\":\"BreadcrumbList\",\"@id\":\"https:\\\/\\\/autismodejandohuella.org\\\/index.php\\\/2022\\\/06\\\/07\\\/consulta-externa-terapia-del-lenguaje\\\/#breadcrumb\",\"itemListElement\":[{\"@type\":\"ListItem\",\"position\":1,\"name\":\"Portada\",\"item\":\"https:\\\/\\\/autismodejandohuella.org\\\/\"},{\"@type\":\"ListItem\",\"position\":2,\"name\":\"Consulta Externa Terapia del Lenguaje\"}]},{\"@type\":\"WebSite\",\"@id\":\"https:\\\/\\\/autismodejandohuella.org\\\/#website\",\"url\":\"https:\\\/\\\/autismodejandohuella.org\\\/\",\"name\":\"Fundaci\u00f3n Autismo Dejando Huella\",\"description\":\"Fundaci\u00f3n de Autismo en Caracas, Venezuela\",\"potentialAction\":[{\"@type\":\"SearchAction\",\"target\":{\"@type\":\"EntryPoint\",\"urlTemplate\":\"https:\\\/\\\/autismodejandohuella.org\\\/?s={search_term_string}\"},\"query-input\":{\"@type\":\"PropertyValueSpecification\",\"valueRequired\":true,\"valueName\":\"search_term_string\"}}],\"inLanguage\":\"es\"},{\"@type\":\"Person\",\"@id\":\"https:\\\/\\\/autismodejandohuella.org\\\/#\\\/schema\\\/person\\\/df23b23b11e3aac1193c0041470c787f\",\"name\":\"admin\",\"image\":{\"@type\":\"ImageObject\",\"inLanguage\":\"es\",\"@id\":\"https:\\\/\\\/secure.gravatar.com\\\/avatar\\\/f412061f3034d686845b76bfba26f8e4602cb624242535a16b7fa8459c2df0f1?s=96&d=mm&r=g\",\"url\":\"https:\\\/\\\/secure.gravatar.com\\\/avatar\\\/f412061f3034d686845b76bfba26f8e4602cb624242535a16b7fa8459c2df0f1?s=96&d=mm&r=g\",\"contentUrl\":\"https:\\\/\\\/secure.gravatar.com\\\/avatar\\\/f412061f3034d686845b76bfba26f8e4602cb624242535a16b7fa8459c2df0f1?s=96&d=mm&r=g\",\"caption\":\"admin\"},\"sameAs\":[\"https:\\\/\\\/autismodejandohuella.org\"],\"url\":\"https:\\\/\\\/autismodejandohuella.org\\\/index.php\\\/author\\\/jamtechcorp\\\/\"}]}<\/script>\n<!-- \/ Yoast SEO plugin. -->","yoast_head_json":{"title":"Consulta Externa Terapia del Lenguaje - Fundaci\u00f3n Autismo Dejando Huella","robots":{"index":"index","follow":"follow","max-snippet":"max-snippet:-1","max-image-preview":"max-image-preview:large","max-video-preview":"max-video-preview:-1"},"canonical":"https:\/\/autismodejandohuella.org\/index.php\/2022\/06\/07\/consulta-externa-terapia-del-lenguaje\/","og_locale":"es_ES","og_type":"article","og_title":"Consulta Externa Terapia del Lenguaje - Fundaci\u00f3n Autismo Dejando Huella","og_description":"Esto es un encabezado Autismo Dejando Huella, es una oportunidad \u00fanica de accesar a los servicios necesarios para la evoluci\u00f3n y progreso positivo de la condici\u00f3n de nuestros hijos, gracias al trabajo entre las familias y el equipo de terapeutas pronto logren en lo posible superar sus limitaciones ante la sociedad, en cada una de [&hellip;]","og_url":"https:\/\/autismodejandohuella.org\/index.php\/2022\/06\/07\/consulta-externa-terapia-del-lenguaje\/","og_site_name":"Fundaci\u00f3n Autismo Dejando Huella","article_published_time":"2022-06-07T16:11:44+00:00","article_modified_time":"2022-06-07T16:11:45+00:00","og_image":[{"width":1833,"height":1654,"url":"https:\/\/autismodejandohuella.org\/wp-content\/uploads\/2022\/05\/FOTO_62-scaled-final.jpg","type":"image\/jpeg"}],"author":"admin","twitter_card":"summary_large_image","twitter_misc":{"Escrito por":"admin","Tiempo estimado de lectura":"1 minuto"},"schema":{"@context":"https:\/\/schema.org","@graph":[{"@type":"Article","@id":"https:\/\/autismodejandohuella.org\/index.php\/2022\/06\/07\/consulta-externa-terapia-del-lenguaje\/#article","isPartOf":{"@id":"https:\/\/autismodejandohuella.org\/index.php\/2022\/06\/07\/consulta-externa-terapia-del-lenguaje\/"},"author":{"name":"admin","@id":"https:\/\/autismodejandohuella.org\/#\/schema\/person\/df23b23b11e3aac1193c0041470c787f"},"headline":"Consulta Externa Terapia del Lenguaje","datePublished":"2022-06-07T16:11:44+00:00","dateModified":"2022-06-07T16:11:45+00:00","mainEntityOfPage":{"@id":"https:\/\/autismodejandohuella.org\/index.php\/2022\/06\/07\/consulta-externa-terapia-del-lenguaje\/"},"wordCount":178,"commentCount":0,"image":{"@id":"https:\/\/autismodejandohuella.org\/index.php\/2022\/06\/07\/consulta-externa-terapia-del-lenguaje\/#primaryimage"},"thumbnailUrl":"https:\/\/autismodejandohuella.org\/wp-content\/uploads\/2022\/05\/FOTO_62-scaled-final.jpg","articleSection":["Terapia de Lenguaje"],"inLanguage":"es","potentialAction":[{"@type":"CommentAction","name":"Comment","target":["https:\/\/autismodejandohuella.org\/index.php\/2022\/06\/07\/consulta-externa-terapia-del-lenguaje\/#respond"]}]},{"@type":"WebPage","@id":"https:\/\/autismodejandohuella.org\/index.php\/2022\/06\/07\/consulta-externa-terapia-del-lenguaje\/","url":"https:\/\/autismodejandohuella.org\/index.php\/2022\/06\/07\/consulta-externa-terapia-del-lenguaje\/","name":"Consulta Externa Terapia del Lenguaje - Fundaci\u00f3n Autismo Dejando Huella","isPartOf":{"@id":"https:\/\/autismodejandohuella.org\/#website"},"primaryImageOfPage":{"@id":"https:\/\/autismodejandohuella.org\/index.php\/2022\/06\/07\/consulta-externa-terapia-del-lenguaje\/#primaryimage"},"image":{"@id":"https:\/\/autismodejandohuella.org\/index.php\/2022\/06\/07\/consulta-externa-terapia-del-lenguaje\/#primaryimage"},"thumbnailUrl":"https:\/\/autismodejandohuella.org\/wp-content\/uploads\/2022\/05\/FOTO_62-scaled-final.jpg","datePublished":"2022-06-07T16:11:44+00:00","dateModified":"2022-06-07T16:11:45+00:00","author":{"@id":"https:\/\/autismodejandohuella.org\/#\/schema\/person\/df23b23b11e3aac1193c0041470c787f"},"breadcrumb":{"@id":"https:\/\/autismodejandohuella.org\/index.php\/2022\/06\/07\/consulta-externa-terapia-del-lenguaje\/#breadcrumb"},"inLanguage":"es","potentialAction":[{"@type":"ReadAction","target":["https:\/\/autismodejandohuella.org\/index.php\/2022\/06\/07\/consulta-externa-terapia-del-lenguaje\/"]}]},{"@type":"ImageObject","inLanguage":"es","@id":"https:\/\/autismodejandohuella.org\/index.php\/2022\/06\/07\/consulta-externa-terapia-del-lenguaje\/#primaryimage","url":"https:\/\/autismodejandohuella.org\/wp-content\/uploads\/2022\/05\/FOTO_62-scaled-final.jpg","contentUrl":"https:\/\/autismodejandohuella.org\/wp-content\/uploads\/2022\/05\/FOTO_62-scaled-final.jpg","width":1833,"height":1654},{"@type":"BreadcrumbList","@id":"https:\/\/autismodejandohuella.org\/index.php\/2022\/06\/07\/consulta-externa-terapia-del-lenguaje\/#breadcrumb","itemListElement":[{"@type":"ListItem","position":1,"name":"Portada","item":"https:\/\/autismodejandohuella.org\/"},{"@type":"ListItem","position":2,"name":"Consulta Externa Terapia del Lenguaje"}]},{"@type":"WebSite","@id":"https:\/\/autismodejandohuella.org\/#website","url":"https:\/\/autismodejandohuella.org\/","name":"Fundaci\u00f3n Autismo Dejando Huella","description":"Fundaci\u00f3n de Autismo en Caracas, Venezuela","potentialAction":[{"@type":"SearchAction","target":{"@type":"EntryPoint","urlTemplate":"https:\/\/autismodejandohuella.org\/?s={search_term_string}"},"query-input":{"@type":"PropertyValueSpecification","valueRequired":true,"valueName":"search_term_string"}}],"inLanguage":"es"},{"@type":"Person","@id":"https:\/\/autismodejandohuella.org\/#\/schema\/person\/df23b23b11e3aac1193c0041470c787f","name":"admin","image":{"@type":"ImageObject","inLanguage":"es","@id":"https:\/\/secure.gravatar.com\/avatar\/f412061f3034d686845b76bfba26f8e4602cb624242535a16b7fa8459c2df0f1?s=96&d=mm&r=g","url":"https:\/\/secure.gravatar.com\/avatar\/f412061f3034d686845b76bfba26f8e4602cb624242535a16b7fa8459c2df0f1?s=96&d=mm&r=g","contentUrl":"https:\/\/secure.gravatar.com\/avatar\/f412061f3034d686845b76bfba26f8e4602cb624242535a16b7fa8459c2df0f1?s=96&d=mm&r=g","caption":"admin"},"sameAs":["https:\/\/autismodejandohuella.org"],"url":"https:\/\/autismodejandohuella.org\/index.php\/author\/jamtechcorp\/"}]}},"_links":{"self":[{"href":"https:\/\/autismodejandohuella.org\/index.php\/wp-json\/wp\/v2\/posts\/8737","targetHints":{"allow":["GET"]}}],"collection":[{"href":"https:\/\/autismodejandohuella.org\/index.php\/wp-json\/wp\/v2\/posts"}],"about":[{"href":"https:\/\/autismodejandohuella.org\/index.php\/wp-json\/wp\/v2\/types\/post"}],"author":[{"embeddable":true,"href":"https:\/\/autismodejandohuella.org\/index.php\/wp-json\/wp\/v2\/users\/1"}],"replies":[{"embeddable":true,"href":"https:\/\/autismodejandohuella.org\/index.php\/wp-json\/wp\/v2\/comments?post=8737"}],"version-history":[{"count":1,"href":"https:\/\/autismodejandohuella.org\/index.php\/wp-json\/wp\/v2\/posts\/8737\/revisions"}],"predecessor-version":[{"id":8740,"href":"https:\/\/autismodejandohuella.org\/index.php\/wp-json\/wp\/v2\/posts\/8737\/revisions\/8740"}],"wp:featuredmedia":[{"embeddable":true,"href":"https:\/\/autismodejandohuella.org\/index.php\/wp-json\/wp\/v2\/media\/8720"}],"wp:attachment":[{"href":"https:\/\/autismodejandohuella.org\/index.php\/wp-json\/wp\/v2\/media?parent=8737"}],"wp:term":[{"taxonomy":"category","embeddable":true,"href":"https:\/\/autismodejandohuella.org\/index.php\/wp-json\/wp\/v2\/categories?post=8737"},{"taxonomy":"post_tag","embeddable":true,"href":"https:\/\/autismodejandohuella.org\/index.php\/wp-json\/wp\/v2\/tags?post=8737"}],"curies":[{"name":"wp","href":"https:\/\/api.w.org\/{rel}","templated":true}]}}